{"id":1022,"date":"2019-05-16T15:56:40","date_gmt":"2019-05-16T13:56:40","guid":{"rendered":"http:\/\/anantayoga.fr\/?p=1022"},"modified":"2022-07-26T11:34:42","modified_gmt":"2022-07-26T09:34:42","slug":"les-nadis-et-les-chakras","status":"publish","type":"post","link":"https:\/\/anantayoga.fr\/index.php\/2019\/05\/16\/les-nadis-et-les-chakras\/","title":{"rendered":"Les nadis et les chakras"},"content":{"rendered":"\n<div class=\"wp-block-image\"><figure class=\"aligncenter is-resized\"><img loading=\"lazy\" decoding=\"async\" src=\"http:\/\/anantayoga.fr\/wp-content\/uploads\/2019\/05\/nadis.jpg\" alt=\"\" class=\"wp-image-1025\" width=\"294\" height=\"467\"\/><figcaption>nadis<\/figcaption><\/figure><\/div>\n\n\n\n<p class=\"wp-block-paragraph\">Visualisez un r\u00e9seau \u00e9lectrique parcourant le corps: les <em>nadis <\/em>sont les fils conduisant l\u2019\u00e9nergie vitale (prana shakti) et l\u2019\u00e9nergie mentale (manas shakti), et les <em>chakras<\/em> sont des sortes des carrefours plus ou moins importants. D\u2019apr\u00e8s le Tantra, nous avons 72000 nadis dans le corps. <\/p>\n\n\n\n<p class=\"wp-block-paragraph\">Parmi ces <em>nadis<\/em>, trois sont particuli\u00e8rement importants. Ils sont <em>ida, pingala<\/em> et <em>sushumna<\/em>.<\/p>\n\n\n\n<p class=\"wp-block-paragraph\"><strong><em>Ida<\/em><\/strong> (gauche): consid\u00e9r\u00e9 comme le canal lunaire, il contr\u00f4le les activit\u00e9s du mental. <\/p>\n\n\n\n<p class=\"wp-block-paragraph\"><strong><em>Pingala<\/em><\/strong> (droite): consid\u00e9r\u00e9 comme le canal solaire, il contr\u00f4le les activit\u00e9s physiques. <\/p>\n\n\n\n<p class=\"wp-block-paragraph\"><strong><em>Sushumna<\/em><\/strong> est le canal central dans lequel circule l\u2019\u00e9nergie spirituelle ou <em>Kundalini<\/em>. <\/p>\n\n\n\n<div class=\"wp-block-image\"><figure class=\"aligncenter is-resized\"><img loading=\"lazy\" decoding=\"async\" src=\"http:\/\/anantayoga.fr\/wp-content\/uploads\/2019\/05\/ida-pingala.jpg\" alt=\"\" class=\"wp-image-1024\" width=\"318\" height=\"352\"\/><\/figure><\/div>\n\n\n\n<p class=\"wp-block-paragraph\">C\u2019est lorsque l\u2019\u00e9nergie pranique ou vitale, l\u2019\u00e9nergie mentale et l\u2019\u00e9nergie spirituelle se rencontrent, qu\u2019on parle de chakras.<\/p>\n\n\n\n<p class=\"wp-block-paragraph\">Habituellement, notre <em>Kundalini<\/em> (on parle d\u2019un serpent enroul\u00e9 sur lui m\u00eame \u00e0 la base de la colonne pour symboliser cette \u00e9nergie) est inactive, et l\u2019\u00e9nergie circule un peu comme le positif et le n\u00e9gatif, sans allumer les ampoules. Lorsque les 3 forces sont actives, alors on peut parler d\u2019activation des chakras. C\u2019est en soignant \u00e0 la fois le n\u00e9gatif et le positif que la troisi\u00e8me force peut intervenir. <br><br>De cette \u00e9nergie active d\u00e9pend notre \u00e9veil spirituel, la compr\u00e9hension de notre vrai nature et de la non dualit\u00e9&#8230; <br><br>L&rsquo;un des exercices pour \u00e9quilibrer ces deux \u00e9nergies est <em><strong>nadi shodhana<\/strong><\/em> ou la respiration altern\u00e9e. Je vous en parlais vers la fin de <a rel=\"noreferrer noopener\" aria-label=\"cet article (s\u2019ouvre dans un nouvel onglet)\" href=\"http:\/\/anantayoga.fr\/index.php\/2018\/01\/20\/yoga-et-respiration\/\" target=\"_blank\">cet article<\/a>.<\/p>\n\n\n\n<h2 class=\"wp-block-heading\">Les chakras<\/h2>\n\n\n\n<p class=\"wp-block-paragraph\">Le mot chakra, veut dire roue, mais on peut plut\u00f4t parler de vortex \u00e9nerg\u00e9tique dans le cas de chakras cit\u00e9s ci-dessous. <\/p>\n\n\n\n<div class=\"wp-block-image\"><figure class=\"aligncenter is-resized\"><img loading=\"lazy\" decoding=\"async\" src=\"http:\/\/anantayoga.fr\/wp-content\/uploads\/2019\/05\/IMG_4127-592x1024.jpg\" alt=\"\" class=\"wp-image-1023\" width=\"315\" height=\"544\" srcset=\"https:\/\/anantayoga.fr\/wp-content\/uploads\/2019\/05\/IMG_4127-592x1024.jpg 592w, https:\/\/anantayoga.fr\/wp-content\/uploads\/2019\/05\/IMG_4127-173x300.jpg 173w, https:\/\/anantayoga.fr\/wp-content\/uploads\/2019\/05\/IMG_4127-768x1328.jpg 768w, https:\/\/anantayoga.fr\/wp-content\/uploads\/2019\/05\/IMG_4127-900x1556.jpg 900w, https:\/\/anantayoga.fr\/wp-content\/uploads\/2019\/05\/IMG_4127-1280x2213.jpg 1280w\" sizes=\"auto, (max-width: 315px) 100vw, 315px\" \/><\/figure><\/div>\n\n\n\n<p class=\"wp-block-paragraph\"><strong>MULADHARA CHAKRA<\/strong> : Physiquement log\u00e9 \u00e0 la toute base de la colonne, ce centre r\u00e9git la solidit\u00e9 du corps, nos besoins basiques, nos racines.<br>\u00c9l\u00e9ment: terre<br>Couleur: rouge<br>Sens: Odorat<br>Organe: Nez<br>B\u00eeja mantra: LAM<\/p>\n\n\n\n<p class=\"wp-block-paragraph\"><strong>SVADISHTHANA CHAKRA<\/strong> :<br>Entre le sacrum et le ventre, ce centre r\u00e9git la circulation du sang et de l\u2019\u00e9nergie, la famille, la cr\u00e9ativit\u00e9, les relations, la sexualit\u00e9.   <br>\u00c9l\u00e9ment: Eau<br>Couleur: Orange<br>Sens: Go\u00fbt<br>Organe: Langue<br>B\u00eeja mantra: VAM<\/p>\n\n\n\n<p class=\"wp-block-paragraph\"><strong>MANIPURA CHAKRA<\/strong> :<br>Entre le nombril et la colonne lombaire, nous cumulons ici des tensions li\u00e9es \u00e0 la peur et l&rsquo;anxi\u00e9t\u00e9. C\u2019est la zone de feu, de combustion, de chaleur. R\u00e9git la digestion, les formes, les couleurs, le sens du moi (ego).<br>\u00c9l\u00e9ment: Feu<br>Couleur: Jaune<br>Sens: Vue<br>Organe: Yeux<br>B\u00eeja mantra: RAM<\/p>\n\n\n\n<p class=\"wp-block-paragraph\"><strong>ANAHATA CHAKRA<\/strong>:<br>Au niveau de la poitrine : ici on a les poumons, le coeur, le diaphragme. R\u00e9git l\u2019\u00e9quilibre entre les chakras inf\u00e9rieurs et sup\u00e9rieurs, le gros et le subtil. L&rsquo;amour qu&rsquo;il \u00e9voque est inconditionnel. Ce qui bloque ici est li\u00e9 aux tracas de la vie et les probl\u00e8mes avec nos proches, stagnant dans les bronches. <br>\u00c9l\u00e9ment: Air<br>Couleur: Vert<br>Sens: Toucher<br>Organe: Peau<br>B\u00eeja mantra: YAM<\/p>\n\n\n\n<p class=\"wp-block-paragraph\"><strong>VISHUDDI CHAKRA<\/strong>:<br>Il loge dans la r\u00e9gion de la gorge. R\u00e9git la connaissance, la communication int\u00e9rieure.<br>\u00c9l\u00e9ment: Akasha, traduit par \u00e9ther. <br>Couleur: Bleu<br>Sens: Ou\u00efe<br>Organe: Oreilles<br>B\u00eeja mantra: HAM<\/p>\n\n\n\n<p class=\"wp-block-paragraph\"><strong>AJNA CHAKRA<\/strong>: <br>Au niveau du troisi\u00e8me oeil, entre les deux sourcils. R\u00e9git l\u2019intuition &#8211; cessation de la dualit\u00e9.<br>\u00c9l\u00e9ment: Tous les l\u00e9ments sont pr\u00e9sents en essence. <br>Couleur: Indigo<br>B\u00eeja mantra: OM<\/p>\n\n\n\n<p class=\"wp-block-paragraph\"><strong>SAHASRARA CHAKRA<\/strong>: <br>Situ\u00e9 sur le sommet du cr\u00e2ne, l\u00e0 o\u00f9 il y a la fontanelle. C&rsquo;est notre couronne, reli\u00e9e aux \u00e9toiles, \u00e0 la lune, qui sont en rapport avec ce centre. <br>Ce chakra ne s&rsquo;active que lorsque la Kundalini s&rsquo;\u00e9veille et les autres chakras sont travers\u00e9s et \u00e9quilibr\u00e9s. C&rsquo;est le chakra de l\u2019\u00c9veil spirituel. <\/p>\n\n\n\n<p class=\"wp-block-paragraph\" style=\"text-align:left\">Il existe diff\u00e9rentes sources et textes sur la question des chakras, et on est invit\u00e9.e.s \u00e0 se faire une id\u00e9e en exp\u00e9rimentant et lisant le plus possible \u00e0 ce sujet. \u00c9tant des \u00e9l\u00e9ments \u00e9nerg\u00e9tiques, ce n&rsquo;est que votre exp\u00e9rience qui pourra guider votre r\u00e9elle connaissance. Il existe des m\u00e9ditations sur les chakras, dont ma pr\u00e9f\u00e9r\u00e9e est celle avec les b\u012bja mantras, dont vous avez <a rel=\"noreferrer noopener\" aria-label=\"ici  (s\u2019ouvre dans un nouvel onglet)\" href=\"https:\/\/www.youtube.com\/watch?v=b7JS0O3pFS8\" target=\"_blank\">ici <\/a>un exemple.<br>Dans le cours de <a rel=\"noreferrer noopener\" aria-label=\"Yoga Nidra (s\u2019ouvre dans un nouvel onglet)\" href=\"http:\/\/anantayoga.fr\/index.php\/2019\/01\/08\/yoga-nidra\/\" target=\"_blank\">Yoga Nidra<\/a>, on explore \u00e9galement nos sensations li\u00e9es \u00e0 ces centres. <\/p>\n\n\n\n<p class=\"wp-block-paragraph\" style=\"text-align:left\">Un champ de recherche \u00e0 d\u00e9couvrir!<br><br>\u0ad0<\/p>\n","protected":false},"excerpt":{"rendered":"<p>Les principaux chakras et leurs caract\u00e9ristiques essentielles<\/p>\n","protected":false},"author":1,"featured_media":1023,"comment_status":"closed","ping_status":"closed","sticky":false,"template":"","format":"standard","meta":{"_crdt_document":"","footnotes":""},"categories":[81,82,1,49],"tags":[27,83,16,62,12],"class_list":["post-1022","post","type-post","status-publish","format-standard","has-post-thumbnail","hentry","category-chakras","category-energie","category-non-classe","category-theorie","tag-chakras","tag-energie","tag-hathayoga","tag-kundalini","tag-yoga"],"_links":{"self":[{"href":"https:\/\/anantayoga.fr\/index.php\/wp-json\/wp\/v2\/posts\/1022","targetHints":{"allow":["GET"]}}],"collection":[{"href":"https:\/\/anantayoga.fr\/index.php\/wp-json\/wp\/v2\/posts"}],"about":[{"href":"https:\/\/anantayoga.fr\/index.php\/wp-json\/wp\/v2\/types\/post"}],"author":[{"embeddable":true,"href":"https:\/\/anantayoga.fr\/index.php\/wp-json\/wp\/v2\/users\/1"}],"replies":[{"embeddable":true,"href":"https:\/\/anantayoga.fr\/index.php\/wp-json\/wp\/v2\/comments?post=1022"}],"version-history":[{"count":3,"href":"https:\/\/anantayoga.fr\/index.php\/wp-json\/wp\/v2\/posts\/1022\/revisions"}],"predecessor-version":[{"id":1032,"href":"https:\/\/anantayoga.fr\/index.php\/wp-json\/wp\/v2\/posts\/1022\/revisions\/1032"}],"wp:featuredmedia":[{"embeddable":true,"href":"https:\/\/anantayoga.fr\/index.php\/wp-json\/wp\/v2\/media\/1023"}],"wp:attachment":[{"href":"https:\/\/anantayoga.fr\/index.php\/wp-json\/wp\/v2\/media?parent=1022"}],"wp:term":[{"taxonomy":"category","embeddable":true,"href":"https:\/\/anantayoga.fr\/index.php\/wp-json\/wp\/v2\/categories?post=1022"},{"taxonomy":"post_tag","embeddable":true,"href":"https:\/\/anantayoga.fr\/index.php\/wp-json\/wp\/v2\/tags?post=1022"}],"curies":[{"name":"wp","href":"https:\/\/api.w.org\/{rel}","templated":true}]}}